 {"id":337,"count":0,"description":"","link":"https:\/\/zurbuchensa.ch\/de\/team_group\/yann-zurbuchen-petit-fils-du-fondateur-integre-lentreprise-comme-representant-de-la-troisieme-generation-de\/","name":"Yann Zurbuchen, petit-fils du fondateur, int\u00e8gre l\u2019entreprise comme repr\u00e9sentant de la troisi\u00e8me g\u00e9n\u00e9ration.","slug":"yann-zurbuchen-petit-fils-du-fondateur-integre-lentreprise-comme-representant-de-la-troisieme-generation-de","taxonomy":"cpt_team_group","parent":0,"meta":[],"_links":{"self":[{"href":"https:\/\/zurbuchensa.ch\/de\/wp-json\/wp\/v2\/cpt_team_group\/337","targetHints":{"allow":["GET"]}}],"collection":[{"href":"https:\/\/zurbuchensa.ch\/de\/wp-json\/wp\/v2\/cpt_team_group"}],"about":[{"href":"https:\/\/zurbuchensa.ch\/de\/wp-json\/wp\/v2\/taxonomies\/cpt_team_group"}],"wp:post_type":[{"href":"https:\/\/zurbuchensa.ch\/de\/wp-json\/wp\/v2\/cpt_team?cpt_team_group=337"}],"curies":[{"name":"wp","href":"https:\/\/api.w.org\/{rel}","templated":true}]}}